{"id":409,"date":"2020-07-14T18:57:28","date_gmt":"2020-07-14T16:57:28","guid":{"rendered":"https:\/\/www.grupoasturemasl.com\/website\/?p=409"},"modified":"2020-07-14T18:57:31","modified_gmt":"2020-07-14T16:57:31","slug":"reparacion-de-generador-quemado","status":"publish","type":"post","link":"https:\/\/www.grupoasturemasl.com\/website\/reparacion-de-generador-quemado\/","title":{"rendered":"Reparaci\u00f3n de generador quemado"},"content":{"rendered":"<figure class=\"wp-block-gallery columns-1 is-cropped wp-block-gallery-1 is-layout-flex wp-block-gallery-is-layout-flex\"><ul class=\"blocks-gallery-grid\"><li class=\"blocks-gallery-item\"><figure><img fetchpriority=\"high\" decoding=\"async\" width=\"1024\" height=\"768\" src=\"https:\/\/www.grupoasturemasl.com\/website\/wp-content\/uploads\/2020\/02\/WhatsApp-Image-2020-01-28-at-20.03.40-1.jpeg\" alt=\"\" data-id=\"411\" data-full-url=\"https:\/\/www.grupoasturemasl.com\/website\/wp-content\/uploads\/2020\/02\/WhatsApp-Image-2020-01-28-at-20.03.40-1.jpeg\" data-link=\"https:\/\/www.grupoasturemasl.com\/website\/?attachment_id=411\" class=\"wp-image-411\" srcset=\"https:\/\/www.grupoasturemasl.com\/website\/wp-content\/uploads\/2020\/02\/WhatsApp-Image-2020-01-28-at-20.03.40-1.jpeg 1024w, https:\/\/www.grupoasturemasl.com\/website\/wp-content\/uploads\/2020\/02\/WhatsApp-Image-2020-01-28-at-20.03.40-1-300x225.jpeg 300w, https:\/\/www.grupoasturemasl.com\/website\/wp-content\/uploads\/2020\/02\/WhatsApp-Image-2020-01-28-at-20.03.40-1-768x576.jpeg 768w\" sizes=\"(max-width: 1024px) 100vw, 1024px\" \/><\/figure><\/li><\/ul><\/figure><p class=\"has-text-color has-very-dark-gray-color\">Por nuestro taller pas\u00f3 este generador de 15 kva. Cuando lleg\u00f3 estaba totalmente quemado. Para poder darle una nueva vida tuvimos que cablearlo de arriba a abajo y, tras la instalaci\u00f3n, \u00a1lo dejamos en perfecto estado y funcionando!<\/p><p>En nuestro taller Asturema contamos con t\u00e9cnicos especialistas capaces de reparaciones que, a primera vista, parecen m\u00e1s complicadas. Recuerda que tambi\u00e9n tenemos un servicio de reparaci\u00f3n en vuestro taller para m\u00e1quinas m\u00e1s grandes. Puedes <a href=\"https:\/\/www.grupoasturemasl.com\/website\/contacto\/\">contactarnos<\/a> y haremos que tu generador quemado vuelva a funcionar.<\/p>","protected":false},"excerpt":{"rendered":"<p>Por nuestro taller pas\u00f3 este generador de 15 kva. Cuando lleg\u00f3 estaba totalmente quemado. Para poder darle una nueva vida tuvimos que cablearlo de arriba a abajo y, tras la instalaci\u00f3n, \u00a1lo dejamos en perfecto estado y funcionando! En nuestro &hellip; <a href=\"https:\/\/www.grupoasturemasl.com\/website\/reparacion-de-generador-quemado\/\">Continuar<\/a><\/p>\n","protected":false},"author":2,"featured_media":411,"comment_status":"closed","ping_status":"closed","sticky":false,"template":"","format":"standard","meta":{"kt_blocks_editor_width":"","footnotes":""},"categories":[6],"tags":[14,11],"class_list":["post-409","post","type-post","status-publish","format-standard","has-post-thumbnail","hentry","category-reparacion-de-maquinaria","tag-generador","tag-reparacion"],"yoast_head":"<!-- This site is optimized with the Yoast SEO plugin v24.8.1 - https:\/\/yoast.com\/wordpress\/plugins\/seo\/ -->\n<title>Reparaci\u00f3n de generador quemado | Grupo Asturema<\/title>\n<meta name=\"description\" content=\"Reparaci\u00f3n de un generador de 15KV quemado. En Asturema podemos dar una segunda oportunidad a tu maquinaria, \u00a1cont\u00e1ctanos!\" \/>\n<meta name=\"robots\" content=\"index, follow, max-snippet:-1, max-image-preview:large, max-video-preview:-1\" \/>\n<link rel=\"canonical\" href=\"https:\/\/www.grupoasturemasl.com\/website\/reparacion-de-generador-quemado\/\" \/>\n<meta property=\"og:locale\" content=\"es_ES\" \/>\n<meta property=\"og:type\" content=\"article\" \/>\n<meta property=\"og:title\" content=\"Reparaci\u00f3n de generador quemado | Grupo Asturema\" \/>\n<meta property=\"og:description\" content=\"Reparaci\u00f3n de un generador de 15KV quemado. En Asturema podemos dar una segunda oportunidad a tu maquinaria, \u00a1cont\u00e1ctanos!\" \/>\n<meta property=\"og:url\" content=\"https:\/\/www.grupoasturemasl.com\/website\/reparacion-de-generador-quemado\/\" \/>\n<meta property=\"og:site_name\" content=\"Grupo Asturema\" \/>\n<meta property=\"article:published_time\" content=\"2020-07-14T16:57:28+00:00\" \/>\n<meta property=\"article:modified_time\" content=\"2020-07-14T16:57:31+00:00\" \/>\n<meta property=\"og:image\" content=\"https:\/\/www.grupoasturemasl.com\/website\/wp-content\/uploads\/2020\/02\/WhatsApp-Image-2020-01-28-at-20.03.40-1.jpeg\" \/>\n\t<meta property=\"og:image:width\" content=\"1024\" \/>\n\t<meta property=\"og:image:height\" content=\"768\" \/>\n\t<meta property=\"og:image:type\" content=\"image\/jpeg\" \/>\n<meta name=\"author\" content=\"GRUPO ASTUREMA S.L.\" \/>\n<meta name=\"twitter:card\" content=\"summary_large_image\" \/>\n<meta name=\"twitter:label1\" content=\"Escrito por\" \/>\n\t<meta name=\"twitter:data1\" content=\"GRUPO ASTUREMA S.L.\" \/>\n<script type=\"application\/ld+json\" class=\"yoast-schema-graph\">{\"@context\":\"https:\/\/schema.org\",\"@graph\":[{\"@type\":\"Article\",\"@id\":\"https:\/\/www.grupoasturemasl.com\/website\/reparacion-de-generador-quemado\/#article\",\"isPartOf\":{\"@id\":\"https:\/\/www.grupoasturemasl.com\/website\/reparacion-de-generador-quemado\/\"},\"author\":{\"name\":\"GRUPO ASTUREMA S.L.\",\"@id\":\"https:\/\/www.grupoasturemasl.com\/website\/#\/schema\/person\/54c3c7d50f1620b3bd6dd0c3ee538d7e\"},\"headline\":\"Reparaci\u00f3n de generador quemado\",\"datePublished\":\"2020-07-14T16:57:28+00:00\",\"dateModified\":\"2020-07-14T16:57:31+00:00\",\"mainEntityOfPage\":{\"@id\":\"https:\/\/www.grupoasturemasl.com\/website\/reparacion-de-generador-quemado\/\"},\"wordCount\":93,\"publisher\":{\"@id\":\"https:\/\/www.grupoasturemasl.com\/website\/#organization\"},\"image\":{\"@id\":\"https:\/\/www.grupoasturemasl.com\/website\/reparacion-de-generador-quemado\/#primaryimage\"},\"thumbnailUrl\":\"https:\/\/www.grupoasturemasl.com\/website\/wp-content\/uploads\/2020\/02\/WhatsApp-Image-2020-01-28-at-20.03.40-1.jpeg\",\"keywords\":[\"Generador\",\"Reparaci\u00f3n\"],\"articleSection\":[\"Reparaci\u00f3n de maquinaria\"],\"inLanguage\":\"es\"},{\"@type\":\"WebPage\",\"@id\":\"https:\/\/www.grupoasturemasl.com\/website\/reparacion-de-generador-quemado\/\",\"url\":\"https:\/\/www.grupoasturemasl.com\/website\/reparacion-de-generador-quemado\/\",\"name\":\"Reparaci\u00f3n de generador quemado | Grupo Asturema\",\"isPartOf\":{\"@id\":\"https:\/\/www.grupoasturemasl.com\/website\/#website\"},\"primaryImageOfPage\":{\"@id\":\"https:\/\/www.grupoasturemasl.com\/website\/reparacion-de-generador-quemado\/#primaryimage\"},\"image\":{\"@id\":\"https:\/\/www.grupoasturemasl.com\/website\/reparacion-de-generador-quemado\/#primaryimage\"},\"thumbnailUrl\":\"https:\/\/www.grupoasturemasl.com\/website\/wp-content\/uploads\/2020\/02\/WhatsApp-Image-2020-01-28-at-20.03.40-1.jpeg\",\"datePublished\":\"2020-07-14T16:57:28+00:00\",\"dateModified\":\"2020-07-14T16:57:31+00:00\",\"description\":\"Reparaci\u00f3n de un generador de 15KV quemado. En Asturema podemos dar una segunda oportunidad a tu maquinaria, \u00a1cont\u00e1ctanos!\",\"breadcrumb\":{\"@id\":\"https:\/\/www.grupoasturemasl.com\/website\/reparacion-de-generador-quemado\/#breadcrumb\"},\"inLanguage\":\"es\",\"potentialAction\":[{\"@type\":\"ReadAction\",\"target\":[\"https:\/\/www.grupoasturemasl.com\/website\/reparacion-de-generador-quemado\/\"]}]},{\"@type\":\"ImageObject\",\"inLanguage\":\"es\",\"@id\":\"https:\/\/www.grupoasturemasl.com\/website\/reparacion-de-generador-quemado\/#primaryimage\",\"url\":\"https:\/\/www.grupoasturemasl.com\/website\/wp-content\/uploads\/2020\/02\/WhatsApp-Image-2020-01-28-at-20.03.40-1.jpeg\",\"contentUrl\":\"https:\/\/www.grupoasturemasl.com\/website\/wp-content\/uploads\/2020\/02\/WhatsApp-Image-2020-01-28-at-20.03.40-1.jpeg\",\"width\":1024,\"height\":768,\"caption\":\"generador quemado\"},{\"@type\":\"BreadcrumbList\",\"@id\":\"https:\/\/www.grupoasturemasl.com\/website\/reparacion-de-generador-quemado\/#breadcrumb\",\"itemListElement\":[{\"@type\":\"ListItem\",\"position\":1,\"name\":\"Inicio\",\"item\":\"https:\/\/www.grupoasturemasl.com\/website\/\"},{\"@type\":\"ListItem\",\"position\":2,\"name\":\"Reparaci\u00f3n de generador quemado\"}]},{\"@type\":\"WebSite\",\"@id\":\"https:\/\/www.grupoasturemasl.com\/website\/#website\",\"url\":\"https:\/\/www.grupoasturemasl.com\/website\/\",\"name\":\"Grupo Asturema\",\"description\":\"Reparaci\u00f3n de maquinaria\",\"publisher\":{\"@id\":\"https:\/\/www.grupoasturemasl.com\/website\/#organization\"},\"potentialAction\":[{\"@type\":\"SearchAction\",\"target\":{\"@type\":\"EntryPoint\",\"urlTemplate\":\"https:\/\/www.grupoasturemasl.com\/website\/?s={search_term_string}\"},\"query-input\":{\"@type\":\"PropertyValueSpecification\",\"valueRequired\":true,\"valueName\":\"search_term_string\"}}],\"inLanguage\":\"es\"},{\"@type\":\"Organization\",\"@id\":\"https:\/\/www.grupoasturemasl.com\/website\/#organization\",\"name\":\"Grupo Asturema SL\",\"url\":\"https:\/\/www.grupoasturemasl.com\/website\/\",\"logo\":{\"@type\":\"ImageObject\",\"inLanguage\":\"es\",\"@id\":\"https:\/\/www.grupoasturemasl.com\/website\/#\/schema\/logo\/image\/\",\"url\":\"https:\/\/www.grupoasturemasl.com\/website\/wp-content\/uploads\/2020\/01\/asturema_logo-e1580148930250.jpg\",\"contentUrl\":\"https:\/\/www.grupoasturemasl.com\/website\/wp-content\/uploads\/2020\/01\/asturema_logo-e1580148930250.jpg\",\"width\":250,\"height\":160,\"caption\":\"Grupo Asturema SL\"},\"image\":{\"@id\":\"https:\/\/www.grupoasturemasl.com\/website\/#\/schema\/logo\/image\/\"}},{\"@type\":\"Person\",\"@id\":\"https:\/\/www.grupoasturemasl.com\/website\/#\/schema\/person\/54c3c7d50f1620b3bd6dd0c3ee538d7e\",\"name\":\"GRUPO ASTUREMA S.L.\",\"image\":{\"@type\":\"ImageObject\",\"inLanguage\":\"es\",\"@id\":\"https:\/\/www.grupoasturemasl.com\/website\/#\/schema\/person\/image\/\",\"url\":\"https:\/\/secure.gravatar.com\/avatar\/43d365900c4d2c3377849136ea1ad1e8?s=96&d=mm&r=g\",\"contentUrl\":\"https:\/\/secure.gravatar.com\/avatar\/43d365900c4d2c3377849136ea1ad1e8?s=96&d=mm&r=g\",\"caption\":\"GRUPO ASTUREMA S.L.\"},\"url\":\"https:\/\/www.grupoasturemasl.com\/website\/author\/asturema\/\"}]}<\/script>\n<!-- \/ Yoast SEO plugin. -->","yoast_head_json":{"title":"Reparaci\u00f3n de generador quemado | Grupo Asturema","description":"Reparaci\u00f3n de un generador de 15KV quemado. En Asturema podemos dar una segunda oportunidad a tu maquinaria, \u00a1cont\u00e1ctanos!","robots":{"index":"index","follow":"follow","max-snippet":"max-snippet:-1","max-image-preview":"max-image-preview:large","max-video-preview":"max-video-preview:-1"},"canonical":"https:\/\/www.grupoasturemasl.com\/website\/reparacion-de-generador-quemado\/","og_locale":"es_ES","og_type":"article","og_title":"Reparaci\u00f3n de generador quemado | Grupo Asturema","og_description":"Reparaci\u00f3n de un generador de 15KV quemado. En Asturema podemos dar una segunda oportunidad a tu maquinaria, \u00a1cont\u00e1ctanos!","og_url":"https:\/\/www.grupoasturemasl.com\/website\/reparacion-de-generador-quemado\/","og_site_name":"Grupo Asturema","article_published_time":"2020-07-14T16:57:28+00:00","article_modified_time":"2020-07-14T16:57:31+00:00","og_image":[{"width":1024,"height":768,"url":"https:\/\/www.grupoasturemasl.com\/website\/wp-content\/uploads\/2020\/02\/WhatsApp-Image-2020-01-28-at-20.03.40-1.jpeg","type":"image\/jpeg"}],"author":"GRUPO ASTUREMA S.L.","twitter_card":"summary_large_image","twitter_misc":{"Escrito por":"GRUPO ASTUREMA S.L."},"schema":{"@context":"https:\/\/schema.org","@graph":[{"@type":"Article","@id":"https:\/\/www.grupoasturemasl.com\/website\/reparacion-de-generador-quemado\/#article","isPartOf":{"@id":"https:\/\/www.grupoasturemasl.com\/website\/reparacion-de-generador-quemado\/"},"author":{"name":"GRUPO ASTUREMA S.L.","@id":"https:\/\/www.grupoasturemasl.com\/website\/#\/schema\/person\/54c3c7d50f1620b3bd6dd0c3ee538d7e"},"headline":"Reparaci\u00f3n de generador quemado","datePublished":"2020-07-14T16:57:28+00:00","dateModified":"2020-07-14T16:57:31+00:00","mainEntityOfPage":{"@id":"https:\/\/www.grupoasturemasl.com\/website\/reparacion-de-generador-quemado\/"},"wordCount":93,"publisher":{"@id":"https:\/\/www.grupoasturemasl.com\/website\/#organization"},"image":{"@id":"https:\/\/www.grupoasturemasl.com\/website\/reparacion-de-generador-quemado\/#primaryimage"},"thumbnailUrl":"https:\/\/www.grupoasturemasl.com\/website\/wp-content\/uploads\/2020\/02\/WhatsApp-Image-2020-01-28-at-20.03.40-1.jpeg","keywords":["Generador","Reparaci\u00f3n"],"articleSection":["Reparaci\u00f3n de maquinaria"],"inLanguage":"es"},{"@type":"WebPage","@id":"https:\/\/www.grupoasturemasl.com\/website\/reparacion-de-generador-quemado\/","url":"https:\/\/www.grupoasturemasl.com\/website\/reparacion-de-generador-quemado\/","name":"Reparaci\u00f3n de generador quemado | Grupo Asturema","isPartOf":{"@id":"https:\/\/www.grupoasturemasl.com\/website\/#website"},"primaryImageOfPage":{"@id":"https:\/\/www.grupoasturemasl.com\/website\/reparacion-de-generador-quemado\/#primaryimage"},"image":{"@id":"https:\/\/www.grupoasturemasl.com\/website\/reparacion-de-generador-quemado\/#primaryimage"},"thumbnailUrl":"https:\/\/www.grupoasturemasl.com\/website\/wp-content\/uploads\/2020\/02\/WhatsApp-Image-2020-01-28-at-20.03.40-1.jpeg","datePublished":"2020-07-14T16:57:28+00:00","dateModified":"2020-07-14T16:57:31+00:00","description":"Reparaci\u00f3n de un generador de 15KV quemado. En Asturema podemos dar una segunda oportunidad a tu maquinaria, \u00a1cont\u00e1ctanos!","breadcrumb":{"@id":"https:\/\/www.grupoasturemasl.com\/website\/reparacion-de-generador-quemado\/#breadcrumb"},"inLanguage":"es","potentialAction":[{"@type":"ReadAction","target":["https:\/\/www.grupoasturemasl.com\/website\/reparacion-de-generador-quemado\/"]}]},{"@type":"ImageObject","inLanguage":"es","@id":"https:\/\/www.grupoasturemasl.com\/website\/reparacion-de-generador-quemado\/#primaryimage","url":"https:\/\/www.grupoasturemasl.com\/website\/wp-content\/uploads\/2020\/02\/WhatsApp-Image-2020-01-28-at-20.03.40-1.jpeg","contentUrl":"https:\/\/www.grupoasturemasl.com\/website\/wp-content\/uploads\/2020\/02\/WhatsApp-Image-2020-01-28-at-20.03.40-1.jpeg","width":1024,"height":768,"caption":"generador quemado"},{"@type":"BreadcrumbList","@id":"https:\/\/www.grupoasturemasl.com\/website\/reparacion-de-generador-quemado\/#breadcrumb","itemListElement":[{"@type":"ListItem","position":1,"name":"Inicio","item":"https:\/\/www.grupoasturemasl.com\/website\/"},{"@type":"ListItem","position":2,"name":"Reparaci\u00f3n de generador quemado"}]},{"@type":"WebSite","@id":"https:\/\/www.grupoasturemasl.com\/website\/#website","url":"https:\/\/www.grupoasturemasl.com\/website\/","name":"Grupo Asturema","description":"Reparaci\u00f3n de maquinaria","publisher":{"@id":"https:\/\/www.grupoasturemasl.com\/website\/#organization"},"potentialAction":[{"@type":"SearchAction","target":{"@type":"EntryPoint","urlTemplate":"https:\/\/www.grupoasturemasl.com\/website\/?s={search_term_string}"},"query-input":{"@type":"PropertyValueSpecification","valueRequired":true,"valueName":"search_term_string"}}],"inLanguage":"es"},{"@type":"Organization","@id":"https:\/\/www.grupoasturemasl.com\/website\/#organization","name":"Grupo Asturema SL","url":"https:\/\/www.grupoasturemasl.com\/website\/","logo":{"@type":"ImageObject","inLanguage":"es","@id":"https:\/\/www.grupoasturemasl.com\/website\/#\/schema\/logo\/image\/","url":"https:\/\/www.grupoasturemasl.com\/website\/wp-content\/uploads\/2020\/01\/asturema_logo-e1580148930250.jpg","contentUrl":"https:\/\/www.grupoasturemasl.com\/website\/wp-content\/uploads\/2020\/01\/asturema_logo-e1580148930250.jpg","width":250,"height":160,"caption":"Grupo Asturema SL"},"image":{"@id":"https:\/\/www.grupoasturemasl.com\/website\/#\/schema\/logo\/image\/"}},{"@type":"Person","@id":"https:\/\/www.grupoasturemasl.com\/website\/#\/schema\/person\/54c3c7d50f1620b3bd6dd0c3ee538d7e","name":"GRUPO ASTUREMA S.L.","image":{"@type":"ImageObject","inLanguage":"es","@id":"https:\/\/www.grupoasturemasl.com\/website\/#\/schema\/person\/image\/","url":"https:\/\/secure.gravatar.com\/avatar\/43d365900c4d2c3377849136ea1ad1e8?s=96&d=mm&r=g","contentUrl":"https:\/\/secure.gravatar.com\/avatar\/43d365900c4d2c3377849136ea1ad1e8?s=96&d=mm&r=g","caption":"GRUPO ASTUREMA S.L."},"url":"https:\/\/www.grupoasturemasl.com\/website\/author\/asturema\/"}]}},"_links":{"self":[{"href":"https:\/\/www.grupoasturemasl.com\/website\/wp-json\/wp\/v2\/posts\/409","targetHints":{"allow":["GET"]}}],"collection":[{"href":"https:\/\/www.grupoasturemasl.com\/website\/wp-json\/wp\/v2\/posts"}],"about":[{"href":"https:\/\/www.grupoasturemasl.com\/website\/wp-json\/wp\/v2\/types\/post"}],"author":[{"embeddable":true,"href":"https:\/\/www.grupoasturemasl.com\/website\/wp-json\/wp\/v2\/users\/2"}],"replies":[{"embeddable":true,"href":"https:\/\/www.grupoasturemasl.com\/website\/wp-json\/wp\/v2\/comments?post=409"}],"version-history":[{"count":2,"href":"https:\/\/www.grupoasturemasl.com\/website\/wp-json\/wp\/v2\/posts\/409\/revisions"}],"predecessor-version":[{"id":453,"href":"https:\/\/www.grupoasturemasl.com\/website\/wp-json\/wp\/v2\/posts\/409\/revisions\/453"}],"wp:featuredmedia":[{"embeddable":true,"href":"https:\/\/www.grupoasturemasl.com\/website\/wp-json\/wp\/v2\/media\/411"}],"wp:attachment":[{"href":"https:\/\/www.grupoasturemasl.com\/website\/wp-json\/wp\/v2\/media?parent=409"}],"wp:term":[{"taxonomy":"category","embeddable":true,"href":"https:\/\/www.grupoasturemasl.com\/website\/wp-json\/wp\/v2\/categories?post=409"},{"taxonomy":"post_tag","embeddable":true,"href":"https:\/\/www.grupoasturemasl.com\/website\/wp-json\/wp\/v2\/tags?post=409"}],"curies":[{"name":"wp","href":"https:\/\/api.w.org\/{rel}","templated":true}]}}